{"id":736,"date":"2020-04-12T10:18:04","date_gmt":"2020-04-12T09:18:04","guid":{"rendered":"http:\/\/base.aroundersenseofpurpose.eu\/?p=736"},"modified":"2021-05-17T10:23:25","modified_gmt":"2021-05-17T09:23:25","slug":"participation-sdg3","status":"publish","type":"post","link":"https:\/\/aroundersenseofpurpose.eu\/fr\/participation-sdg3\/","title":{"rendered":"Participation SDG3"},"content":{"rendered":"\n<p>Une s\u00e9rie de photos de personnes de diff\u00e9rentes r\u00e9gions est pr\u00e9sent\u00e9e aux \u00e9l\u00e8ves. Les \u00e9l\u00e8ves sont invit\u00e9s \u00e0 classer les photos en fonction de la qualit\u00e9 de vie de ces personnes (alimentation, logement, \u00e9ducation, sant\u00e9, emploi, droits de l&#8217;homme, etc.). Ils discutent des diff\u00e9rences de qualit\u00e9 de vie et de bien-\u00eatre des personnes et proposent des moyens pour que les gens puissent, individuellement et collectivement, aider d&#8217;autres personnes dans le besoin.<\/p>\n\n\n\n<p>Les \u00e9l\u00e8ves planifient, par exemple, &#8220;Une journ\u00e9e contre la discrimination&#8221; et incluent une s\u00e9rie d&#8217;actions dans leur \u00e9cole et dans leur communaut\u00e9 pour promouvoir l&#8217;inclusion et l&#8217;acceptation de tous.<\/p>\n","protected":false},"excerpt":{"rendered":"<p>Comprendre l&#8217;importance de l&#8217;agentivit\u00e9 lorsque d&#8217;autres personnes ont besoin d&#8217;aide et participer \u00e0 des actions qui favorisent la sant\u00e9 et le bien-\u00eatre de tous.<\/p>\n","protected":false},"author":1,"featured_media":0,"comment_status":"closed","ping_status":"closed","sticky":false,"template":"","format":"standard","meta":{"footnotes":""},"categories":[26,75,59],"tags":[],"class_list":["post-736","post","type-post","status-publish","format-standard","hentry","category-bridging-pages","category-sdg3","category-participation"],"_links":{"self":[{"href":"https:\/\/aroundersenseofpurpose.eu\/fr\/wp-json\/wp\/v2\/posts\/736","targetHints":{"allow":["GET"]}}],"collection":[{"href":"https:\/\/aroundersenseofpurpose.eu\/fr\/wp-json\/wp\/v2\/posts"}],"about":[{"href":"https:\/\/aroundersenseofpurpose.eu\/fr\/wp-json\/wp\/v2\/types\/post"}],"author":[{"embeddable":true,"href":"https:\/\/aroundersenseofpurpose.eu\/fr\/wp-json\/wp\/v2\/users\/1"}],"replies":[{"embeddable":true,"href":"https:\/\/aroundersenseofpurpose.eu\/fr\/wp-json\/wp\/v2\/comments?post=736"}],"version-history":[{"count":6,"href":"https:\/\/aroundersenseofpurpose.eu\/fr\/wp-json\/wp\/v2\/posts\/736\/revisions"}],"predecessor-version":[{"id":2107,"href":"https:\/\/aroundersenseofpurpose.eu\/fr\/wp-json\/wp\/v2\/posts\/736\/revisions\/2107"}],"wp:attachment":[{"href":"https:\/\/aroundersenseofpurpose.eu\/fr\/wp-json\/wp\/v2\/media?parent=736"}],"wp:term":[{"taxonomy":"category","embeddable":true,"href":"https:\/\/aroundersenseofpurpose.eu\/fr\/wp-json\/wp\/v2\/categories?post=736"},{"taxonomy":"post_tag","embeddable":true,"href":"https:\/\/aroundersenseofpurpose.eu\/fr\/wp-json\/wp\/v2\/tags?post=736"}],"curies":[{"name":"wp","href":"https:\/\/api.w.org\/{rel}","templated":true}]}}