{"id":453,"date":"2020-03-30T12:33:42","date_gmt":"2020-03-30T11:33:42","guid":{"rendered":"http:\/\/base.aroundersenseofpurpose.eu\/?p=453"},"modified":"2021-07-06T13:30:55","modified_gmt":"2021-07-06T12:30:55","slug":"haute-ecole-pedagogique-du-canton-de-vaud","status":"publish","type":"post","link":"https:\/\/aroundersenseofpurpose.eu\/fr\/haute-ecole-pedagogique-du-canton-de-vaud\/","title":{"rendered":"Haute Ecole P\u00e9dagogique du canton de Vaud"},"content":{"rendered":"La Haute \u00e9cole p\u00e9dagogique du canton de Vaud (HEP Vaud) appartient au r\u00e9seau des HEP suisses. Elle est situ\u00e9e \u00e0 Lausanne dans le canton de Vaud.\n\nN\u00e9e en 2001 \u00e0 Lausanne, sur le site de l&#8217;ancienne \u00e9cole normale, par la fusion de 11 institutions de formation, la HEP Vaud devient une haute \u00e9cole de niveau tertiaire. Elle d\u00e9veloppe un tissu de coop\u00e9rations au niveau national et international.\n\n\n\nL&#8217;HEP Vaud assure la formation de base des futur\u00b7e\u00b7s enseignant\u00b7e\u00b7s et propose des formations continues, certifi\u00e9es ou non, aux enseignant\u00b7e\u00b7s en activit\u00e9, ainsi qu&#8217;\u00e0 l&#8217;ensemble des professionnel\u00b7le\u00b7s de l&#8217;\u00e9cole. Elle est \u00e9galement active dans le domaine de la recherche et du d\u00e9veloppement p\u00e9dagogique et propose un ensemble de ressources p\u00e9dagogiques.\n\n\n\n","protected":false},"excerpt":{"rendered":"<p>La Haute \u00e9cole p\u00e9dagogique du canton de Vaud (HEP Vaud) appartient au r\u00e9seau des HEP suisses. Elle est situ\u00e9e \u00e0 Lausanne dans le canton de Vaud. N\u00e9e en 2001 \u00e0 Lausanne, sur le site de l&#8217;ancienne \u00e9cole normale, par la fusion de 11 institutions de formation, la HEP Vaud devient une haute \u00e9cole de niveau [&hellip;]<\/p>\n","protected":false},"author":1,"featured_media":0,"comment_status":"closed","ping_status":"closed","sticky":false,"template":"","format":"standard","meta":{"footnotes":""},"categories":[19],"tags":[],"class_list":["post-453","post","type-post","status-publish","format-standard","hentry","category-rsp-ii-partner"],"_links":{"self":[{"href":"https:\/\/aroundersenseofpurpose.eu\/fr\/wp-json\/wp\/v2\/posts\/453","targetHints":{"allow":["GET"]}}],"collection":[{"href":"https:\/\/aroundersenseofpurpose.eu\/fr\/wp-json\/wp\/v2\/posts"}],"about":[{"href":"https:\/\/aroundersenseofpurpose.eu\/fr\/wp-json\/wp\/v2\/types\/post"}],"author":[{"embeddable":true,"href":"https:\/\/aroundersenseofpurpose.eu\/fr\/wp-json\/wp\/v2\/users\/1"}],"replies":[{"embeddable":true,"href":"https:\/\/aroundersenseofpurpose.eu\/fr\/wp-json\/wp\/v2\/comments?post=453"}],"version-history":[{"count":5,"href":"https:\/\/aroundersenseofpurpose.eu\/fr\/wp-json\/wp\/v2\/posts\/453\/revisions"}],"predecessor-version":[{"id":2604,"href":"https:\/\/aroundersenseofpurpose.eu\/fr\/wp-json\/wp\/v2\/posts\/453\/revisions\/2604"}],"wp:attachment":[{"href":"https:\/\/aroundersenseofpurpose.eu\/fr\/wp-json\/wp\/v2\/media?parent=453"}],"wp:term":[{"taxonomy":"category","embeddable":true,"href":"https:\/\/aroundersenseofpurpose.eu\/fr\/wp-json\/wp\/v2\/categories?post=453"},{"taxonomy":"post_tag","embeddable":true,"href":"https:\/\/aroundersenseofpurpose.eu\/fr\/wp-json\/wp\/v2\/tags?post=453"}],"curies":[{"name":"wp","href":"https:\/\/api.w.org\/{rel}","templated":true}]}}