{"id":1232,"date":"2020-04-16T12:29:13","date_gmt":"2020-04-16T11:29:13","guid":{"rendered":"http:\/\/base.aroundersenseofpurpose.eu\/?p=1232"},"modified":"2021-05-20T14:28:53","modified_gmt":"2021-05-20T13:28:53","slug":"decisiveness-sdg10","status":"publish","type":"post","link":"https:\/\/aroundersenseofpurpose.eu\/fr\/decisiveness-sdg10\/","title":{"rendered":"D\u00e9cision SDG10"},"content":{"rendered":"\n<p><strong>Intro<\/strong> :<\/p>\n\n\n\n<p>Greta Thunberg, Jeppe Bijker (qui ont navigu\u00e9 de la Hollande au sommet climatique au Chili), Eva Dijkema (qui a navigu\u00e9 avec eux ; conseiller ProRail sur SD), Rosa Hofg\u00e4rtner (naviguatrice \u00e9galement ; r\u00e9alisatrice de documentaires t\u00e9l\u00e9vis\u00e9s sur SD), Anuna de Wever, Ad\u00e9la\u00efde Charlier et Kyta Gantois (militantes climatiques belges), Won Smolbag (Vanuatu, militante climatique)&#8230;. Toutes ces personnes pourraient \u00eatre de bons exemples de jeunes qui atteignent l&#8217;objectif d\u00e9crit ci-dessus.<\/p>\n\n\n\n<p><strong>R\u00e9flexion<\/strong> :<\/p>\n\n\n\n<p>Demandez aux \u00e9l\u00e8ves de r\u00e9fl\u00e9chir sur eux-m\u00eames. Ont-ils un exemple de leur vie personnelle ou professionnelle qui pourrait d\u00e9montrer une prise de d\u00e9cision positive ? Demandez-leur de l&#8217;\u00e9crire dans un &#8220;tweet&#8221;.<\/p>\n\n\n\n<p><strong>Discussion :<\/strong><\/p>\n\n\n\n<p>Pr\u00e9sentation de certains &#8220;tweets&#8221; ; les autres \u00e9l\u00e8ves sont invit\u00e9s \u00e0 mentionner les parties du tweet qui permettent d\u2019identifier la comp\u00e9tence n\u00e9cessaire. Seules les remarques positives sont permises !<\/p>\n\n\n\n<p><strong>R\u00e9flexion :<\/strong><\/p>\n\n\n\n<p>Demandez aux \u00e9l\u00e8ves de r\u00e9fl\u00e9chir dans leur t\u00eate \u00e0 ce dont ils ont besoin pour am\u00e9liorer cette comp\u00e9tence.<\/p>\n\n\n\n<p><strong>Objectifs personnels :<\/strong><\/p>\n\n\n\n<p>Demandez aux \u00e9l\u00e8ves d&#8217;\u00e9laborer un plan de d\u00e9veloppement personnel qui les aide \u00e0 d\u00e9velopper cette comp\u00e9tence.<\/p>\n","protected":false},"excerpt":{"rendered":"<p>Agir avec prudence et en temps utile, m\u00eame dans des situations d&#8217;incertitude, pour r\u00e9duire les in\u00e9galit\u00e9s. <\/p>\n","protected":false},"author":1,"featured_media":0,"comment_status":"closed","ping_status":"closed","sticky":false,"template":"","format":"standard","meta":{"footnotes":""},"categories":[26,67,82],"tags":[],"class_list":["post-1232","post","type-post","status-publish","format-standard","hentry","category-bridging-pages","category-decisiveness","category-sdg10"],"_links":{"self":[{"href":"https:\/\/aroundersenseofpurpose.eu\/fr\/wp-json\/wp\/v2\/posts\/1232","targetHints":{"allow":["GET"]}}],"collection":[{"href":"https:\/\/aroundersenseofpurpose.eu\/fr\/wp-json\/wp\/v2\/posts"}],"about":[{"href":"https:\/\/aroundersenseofpurpose.eu\/fr\/wp-json\/wp\/v2\/types\/post"}],"author":[{"embeddable":true,"href":"https:\/\/aroundersenseofpurpose.eu\/fr\/wp-json\/wp\/v2\/users\/1"}],"replies":[{"embeddable":true,"href":"https:\/\/aroundersenseofpurpose.eu\/fr\/wp-json\/wp\/v2\/comments?post=1232"}],"version-history":[{"count":6,"href":"https:\/\/aroundersenseofpurpose.eu\/fr\/wp-json\/wp\/v2\/posts\/1232\/revisions"}],"predecessor-version":[{"id":2218,"href":"https:\/\/aroundersenseofpurpose.eu\/fr\/wp-json\/wp\/v2\/posts\/1232\/revisions\/2218"}],"wp:attachment":[{"href":"https:\/\/aroundersenseofpurpose.eu\/fr\/wp-json\/wp\/v2\/media?parent=1232"}],"wp:term":[{"taxonomy":"category","embeddable":true,"href":"https:\/\/aroundersenseofpurpose.eu\/fr\/wp-json\/wp\/v2\/categories?post=1232"},{"taxonomy":"post_tag","embeddable":true,"href":"https:\/\/aroundersenseofpurpose.eu\/fr\/wp-json\/wp\/v2\/tags?post=1232"}],"curies":[{"name":"wp","href":"https:\/\/api.w.org\/{rel}","templated":true}]}}